{"id":6343,"date":"2021-06-30T17:05:38","date_gmt":"2021-06-30T17:05:38","guid":{"rendered":"https:\/\/www.foyer-etudiantes-merici.com\/?p=6343"},"modified":"2022-01-10T14:26:56","modified_gmt":"2022-01-10T14:26:56","slug":"service-au-carmel","status":"publish","type":"post","link":"https:\/\/www.foyer-etudiantes-merici.com\/es\/2021\/06\/service-au-carmel\/","title":{"rendered":"Echos du service au Carmel"},"content":{"rendered":"<p><em>Trois \u00e9tudiantes &#8211; une jeune non croyante, une jeune musulmane et une jeune chr\u00e9tienne &#8211; vous partagent leur exp\u00e9rience du service au Carmel propos\u00e9 par le Foyer Merici :<\/em><\/p>\n<p class=\"Corps\" style=\"text-align: justify\">\u00abJ\u2019ai fait le service du Carmel durant les deux ann\u00e9es que je viens de passer au foyer. Ce service consiste \u00e0 rendre service aux s\u0153urs du Carmel dans diverses activit\u00e9s telles que le tri des hosties qu\u2019elles produisent, la mise en sachet de lavande s\u00e9ch\u00e9e, l\u2019aide au m\u00e9nage\u2026 L\u2019activit\u00e9 que l\u2019on fait d\u00e9pend de leurs besoins du moment.<\/p>\n<p class=\"Corps\" style=\"text-align: justify\">Je me suis retrouv\u00e9e \u00e0 faire ce service un peu par hasard au d\u00e9but. Un jour, par un concours de circonstances improbables, j\u2019ai particip\u00e9 au service du Carmel. N\u2019\u00e9tant pas croyante, je dois avouer que ce fut une exp\u00e9rience particuli\u00e8re. Mais ce fut l\u2019occasion de d\u00e9couvrir \u00e0 la fois comment sont fabriqu\u00e9es les hosties, et ce fut aussi une occasion id\u00e9ale pour d\u00e9couvrir davantage les autres filles du foyer qui participaient avec moi \u00e0 ce service.<\/p>\n<p class=\"Corps\" style=\"text-align: justify\">La s\u0153ur qui nous accueille au Carmel est merveilleuse. C\u2019est un vrai sucre, elle est tr\u00e8s dr\u00f4le et gentille. A la fin du temps de service, elle a comme petit rituel de nous offrir un go\u00fbter et de proposer, pour celles qui le veulent, un temps de pri\u00e8re \u00e0 la chapelle du Carmel.<\/p>\n<p class=\"Corps\" style=\"text-align: justify\">Ce service, c\u2019est un samedi apr\u00e8s-midi par mois, et personnellement je le vois un peu comme un moment de l\u00e2cher prise et d\u2019\u00e9change, et l\u2019on peut se dire que l\u2019on a rendu service. En plus, ce qui est bien, c\u2019est que l\u2019on ne sait jamais vraiment par avance ce que l\u2019on va faire et c\u2019est tr\u00e8s rafraichissant !\u00bb <i>Koliane<\/i><\/p>\n<p style=\"text-align: center\">*********<\/p>\n<p>\u00abC&#8217;est au week-end d\u2019int\u00e9gration du foyer que j&#8217;ai pu d\u00e9couvrir le Carmel. Au d\u00e9part, je pensais que \u00e7a allait \u00eatre assez \u00abfroid\u00bb car on m\u2019avait dit que, pendant ce service, on ne devait pas parler. Mais au contraire, j&#8217;ai pu faire la rencontre des s\u0153urs qui sont de merveilleuses personnes. Toutes souriantes et gentilles ! Ce temps o\u00f9 on nous demande de ne pas parler est surtout pour se donner \u00e0 fond dans sa t\u00e2che et la d\u00e9vouer \u00e0 Dieu. Mais attention, on a quand m\u00eame le droit de parler, mais il faut chuchoter juste si c&#8217;est important !<\/p>\n<p>Les t\u00e2ches demand\u00e9es \u00e9taient diverses et vari\u00e9es (nettoyage, entretien du jardin etc&#8230;). On s&#8217;occupait alors de l&#8217;entretien du couvent afin d&#8217;aider les s\u0153urs qui en avaient besoin.<\/p>\n<p>En tant que musulmane, je l&#8217;ai bien v\u00e9cu, j&#8217;ai appris pourquoi ces s\u0153urs avaient d\u00e9cid\u00e9 de faire ce choix et bien plus. J&#8217;ai pu discuter avec elles et il y a eu aussi un t\u00e9moignage.<\/p>\n<p>En entrant au Carmel, je ressens comme une sorte de paix int\u00e9rieure car on se retrouve \u00e0 faire des t\u00e2ches auxquelles on se donne \u00e0 fond et on ne fait ainsi qu&#8217;un avec soi-m\u00eame. On se retrouve seule dans un endroit tr\u00e8s calme et paisible.<\/p>\n<p>En tant qu&#8217;\u00e9tudiante, je ne me sentais pas oblig\u00e9e de faire ces t\u00e2ches, mais je me sentais utile en aidant. Surtout, cela me donnait un temps libre afin de respirer \u00e0 c\u00f4t\u00e9 de mes \u00e9tudes.<\/p>\n<p>Je remercie les s\u0153urs de m&#8217;avoir fait d\u00e9couvrir ce magnifique endroit !\u00bb <em>Sofia<\/em><\/p>\n<p style=\"text-align: center\">*********<\/p>\n<p class=\"yiv9217803128MsoNormal\">\u00abJ\u2019ai d\u00e9couvert le Carmel lors d&#8217;un week-end d\u2019int\u00e9gration au Foyer Merici, ce qui m\u2019a donn\u00e9 envie de me porter volontaire pour faire ce service un samedi apr\u00e8s-midi par mois tout au long de l&#8217;ann\u00e9e universitaire avec des \u00e9tudiantes volontaires.<\/p>\n<p class=\"yiv9217803128MsoNormal\">Cela m\u2019a apport\u00e9 une tr\u00e8s belle exp\u00e9rience : conna\u00eetre l\u2019ordre religieux du Carmel, les carm\u00e9lites et en particulier s\u0153ur Fran\u00e7oise qui encadre les services, ainsi que des b\u00e9n\u00e9voles qui aident \u00e9galement au Carmel. Cela ne consiste pas seulement \u00e0 rendre service, mais aussi \u00e0 partager et \u00e9changer avec la s\u0153ur et les Mericiennes pendant les t\u00e2ches propos\u00e9es.<\/p>\n<p class=\"yiv9217803128MsoNormal\">Maintenant ancienne Mericienne, j\u2019ai pu continuer ce service au cours de cette ann\u00e9e universitaire 2020-2021, avec de nouvelles \u00e9tudiantes volontaires du Foyer Merici. Ceci m\u2019a permis de faire des pauses dans mes \u00e9tudes mais aussi de rester au contact avec le foyer.\u00bb <em>Marie-Capucine<\/em><\/p>\n","protected":false},"excerpt":{"rendered":"<p> [&hellip;]<\/p>\n","protected":false},"author":2,"featured_media":6349,"comment_status":"closed","ping_status":"closed","sticky":false,"template":"","format":"standard","meta":{"_seopress_robots_primary_cat":"none","_seopress_titles_title":"","_seopress_titles_desc":"","_seopress_robots_index":"","footnotes":""},"categories":[3],"tags":[],"class_list":["post-6343","post","type-post","status-publish","format-standard","has-post-thumbnail","hentry","category-non-classifiee"],"_links":{"self":[{"href":"https:\/\/www.foyer-etudiantes-merici.com\/es\/wp-json\/wp\/v2\/posts\/6343","targetHints":{"allow":["GET"]}}],"collection":[{"href":"https:\/\/www.foyer-etudiantes-merici.com\/es\/wp-json\/wp\/v2\/posts"}],"about":[{"href":"https:\/\/www.foyer-etudiantes-merici.com\/es\/wp-json\/wp\/v2\/types\/post"}],"author":[{"embeddable":true,"href":"https:\/\/www.foyer-etudiantes-merici.com\/es\/wp-json\/wp\/v2\/users\/2"}],"replies":[{"embeddable":true,"href":"https:\/\/www.foyer-etudiantes-merici.com\/es\/wp-json\/wp\/v2\/comments?post=6343"}],"version-history":[{"count":5,"href":"https:\/\/www.foyer-etudiantes-merici.com\/es\/wp-json\/wp\/v2\/posts\/6343\/revisions"}],"predecessor-version":[{"id":6773,"href":"https:\/\/www.foyer-etudiantes-merici.com\/es\/wp-json\/wp\/v2\/posts\/6343\/revisions\/6773"}],"wp:featuredmedia":[{"embeddable":true,"href":"https:\/\/www.foyer-etudiantes-merici.com\/es\/wp-json\/wp\/v2\/media\/6349"}],"wp:attachment":[{"href":"https:\/\/www.foyer-etudiantes-merici.com\/es\/wp-json\/wp\/v2\/media?parent=6343"}],"wp:term":[{"taxonomy":"category","embeddable":true,"href":"https:\/\/www.foyer-etudiantes-merici.com\/es\/wp-json\/wp\/v2\/categories?post=6343"},{"taxonomy":"post_tag","embeddable":true,"href":"https:\/\/www.foyer-etudiantes-merici.com\/es\/wp-json\/wp\/v2\/tags?post=6343"}],"curies":[{"name":"wp","href":"https:\/\/api.w.org\/{rel}","templated":true}]}}