{"id":5195,"date":"2019-03-20T12:30:10","date_gmt":"2019-03-20T12:30:10","guid":{"rendered":"https:\/\/www.foyer-etudiantes-merici.com\/?p=5195"},"modified":"2019-04-24T13:53:02","modified_gmt":"2019-04-24T13:53:02","slug":"compost-et-potager","status":"publish","type":"post","link":"https:\/\/www.foyer-etudiantes-merici.com\/es\/2019\/03\/compost-et-potager\/","title":{"rendered":"Compost et potager"},"content":{"rendered":"<p><strong>De nouveaux composteurs<\/strong><\/p>\n<p>Suite aux d\u00e9marches effectu\u00e9es par des \u00e9tudiantes, de nouveaux composteurs ont \u00e9t\u00e9 install\u00e9s au Foyer Merici en septembre 2018. Un ma\u00eetre composteur, prestataire d&#8217;Angers Loire M\u00e9tropole, est intervenu lors des journ\u00e9es d&#8217;int\u00e9gration afin de sensibiliser l&#8217;ensemble des jeunes du foyer. Depuis, il vient une fois par mois afin de conseiller les \u00e9tudiantes responsables du service \u00abcompost et potager\u00bb. L&#8217;une d&#8217;elles a \u00e9galement suivi une matin\u00e9e de formation sur l&#8217;utilisation du compost.<\/p>\n<div id=\"attachment_5204\" style=\"width: 360px\" class=\"wp-caption aligncenter\"><a href=\"https:\/\/www.foyer-etudiantes-merici.com\/wp-content\/uploads\/compost-et-potager-1.jpg\"><img loading=\"lazy\" decoding=\"async\" aria-describedby=\"caption-attachment-5204\" class=\"wp-image-5204 size-medium\" src=\"https:\/\/www.foyer-etudiantes-merici.com\/wp-content\/uploads\/compost-et-potager-1-350x234.jpg\" alt=\"\" width=\"350\" height=\"234\" srcset=\"https:\/\/www.foyer-etudiantes-merici.com\/wp-content\/uploads\/compost-et-potager-1-200x134.jpg 200w, https:\/\/www.foyer-etudiantes-merici.com\/wp-content\/uploads\/compost-et-potager-1-350x234.jpg 350w, https:\/\/www.foyer-etudiantes-merici.com\/wp-content\/uploads\/compost-et-potager-1-400x267.jpg 400w, https:\/\/www.foyer-etudiantes-merici.com\/wp-content\/uploads\/compost-et-potager-1-600x401.jpg 600w, https:\/\/www.foyer-etudiantes-merici.com\/wp-content\/uploads\/compost-et-potager-1-768x513.jpg 768w, https:\/\/www.foyer-etudiantes-merici.com\/wp-content\/uploads\/compost-et-potager-1-800x535.jpg 800w, https:\/\/www.foyer-etudiantes-merici.com\/wp-content\/uploads\/compost-et-potager-1-1024x684.jpg 1024w, https:\/\/www.foyer-etudiantes-merici.com\/wp-content\/uploads\/compost-et-potager-1.jpg 1200w\" sizes=\"auto, (max-width: 350px) 100vw, 350px\" \/><\/a><p id=\"caption-attachment-5204\" class=\"wp-caption-text\">WE d&#8217;int\u00e9gration<\/p><\/div>\n<p>&nbsp;<\/p>\n<div id=\"attachment_5213\" style=\"width: 360px\" class=\"wp-caption aligncenter\"><img loading=\"lazy\" decoding=\"async\" aria-describedby=\"caption-attachment-5213\" class=\"size-medium wp-image-5213\" src=\"https:\/\/www.foyer-etudiantes-merici.com\/wp-content\/uploads\/compost-et-potager-7-350x200.jpg\" alt=\"\" width=\"350\" height=\"200\" srcset=\"https:\/\/www.foyer-etudiantes-merici.com\/wp-content\/uploads\/compost-et-potager-7-200x114.jpg 200w, https:\/\/www.foyer-etudiantes-merici.com\/wp-content\/uploads\/compost-et-potager-7-350x200.jpg 350w, https:\/\/www.foyer-etudiantes-merici.com\/wp-content\/uploads\/compost-et-potager-7-400x228.jpg 400w, https:\/\/www.foyer-etudiantes-merici.com\/wp-content\/uploads\/compost-et-potager-7-600x342.jpg 600w, https:\/\/www.foyer-etudiantes-merici.com\/wp-content\/uploads\/compost-et-potager-7-768x438.jpg 768w, https:\/\/www.foyer-etudiantes-merici.com\/wp-content\/uploads\/compost-et-potager-7-800x456.jpg 800w, https:\/\/www.foyer-etudiantes-merici.com\/wp-content\/uploads\/compost-et-potager-7-1024x584.jpg 1024w, https:\/\/www.foyer-etudiantes-merici.com\/wp-content\/uploads\/compost-et-potager-7.jpg 1200w\" sizes=\"auto, (max-width: 350px) 100vw, 350px\" \/><p id=\"caption-attachment-5213\" class=\"wp-caption-text\">Formation sur l&#8217;utilisation du compost<\/p><\/div>\n<p><img loading=\"lazy\" decoding=\"async\" class=\"size-medium wp-image-5207 alignleft\" src=\"https:\/\/www.foyer-etudiantes-merici.com\/wp-content\/uploads\/compost-et-potager-5-350x263.jpg\" alt=\"\" width=\"350\" height=\"263\" srcset=\"https:\/\/www.foyer-etudiantes-merici.com\/wp-content\/uploads\/compost-et-potager-5-200x150.jpg 200w, https:\/\/www.foyer-etudiantes-merici.com\/wp-content\/uploads\/compost-et-potager-5-350x263.jpg 350w, https:\/\/www.foyer-etudiantes-merici.com\/wp-content\/uploads\/compost-et-potager-5-400x300.jpg 400w, https:\/\/www.foyer-etudiantes-merici.com\/wp-content\/uploads\/compost-et-potager-5-600x450.jpg 600w, https:\/\/www.foyer-etudiantes-merici.com\/wp-content\/uploads\/compost-et-potager-5-768x576.jpg 768w, https:\/\/www.foyer-etudiantes-merici.com\/wp-content\/uploads\/compost-et-potager-5-800x600.jpg 800w, https:\/\/www.foyer-etudiantes-merici.com\/wp-content\/uploads\/compost-et-potager-5-1024x768.jpg 1024w, https:\/\/www.foyer-etudiantes-merici.com\/wp-content\/uploads\/compost-et-potager-5.jpg 1200w\" sizes=\"auto, (max-width: 350px) 100vw, 350px\" \/><\/p>\n<p><img loading=\"lazy\" decoding=\"async\" class=\"size-medium wp-image-5210\" src=\"https:\/\/www.foyer-etudiantes-merici.com\/wp-content\/uploads\/compost-et-potager-6-350x263.jpg\" alt=\"\" width=\"350\" height=\"263\" srcset=\"https:\/\/www.foyer-etudiantes-merici.com\/wp-content\/uploads\/compost-et-potager-6-200x150.jpg 200w, https:\/\/www.foyer-etudiantes-merici.com\/wp-content\/uploads\/compost-et-potager-6-350x263.jpg 350w, https:\/\/www.foyer-etudiantes-merici.com\/wp-content\/uploads\/compost-et-potager-6-400x300.jpg 400w, https:\/\/www.foyer-etudiantes-merici.com\/wp-content\/uploads\/compost-et-potager-6-600x450.jpg 600w, https:\/\/www.foyer-etudiantes-merici.com\/wp-content\/uploads\/compost-et-potager-6-768x576.jpg 768w, https:\/\/www.foyer-etudiantes-merici.com\/wp-content\/uploads\/compost-et-potager-6-800x600.jpg 800w, https:\/\/www.foyer-etudiantes-merici.com\/wp-content\/uploads\/compost-et-potager-6-1024x768.jpg 1024w, https:\/\/www.foyer-etudiantes-merici.com\/wp-content\/uploads\/compost-et-potager-6.jpg 1200w\" sizes=\"auto, (max-width: 350px) 100vw, 350px\" \/><\/p>\n<p>&nbsp;<\/p>\n<p><strong>Plantations de printemps<\/strong><\/p>\n<p>Des fraisiers, des salades, des radis&#8230; poussent dans nos trois carr\u00e9s de potager. Nous attendons patiemment le temps des r\u00e9coltes !<\/p>\n<p><img loading=\"lazy\" decoding=\"async\" class=\"alignnone size-medium wp-image-5219\" src=\"https:\/\/www.foyer-etudiantes-merici.com\/wp-content\/uploads\/compost-et-potager-9-350x234.jpg\" alt=\"\" width=\"350\" height=\"234\" srcset=\"https:\/\/www.foyer-etudiantes-merici.com\/wp-content\/uploads\/compost-et-potager-9-200x134.jpg 200w, https:\/\/www.foyer-etudiantes-merici.com\/wp-content\/uploads\/compost-et-potager-9-350x234.jpg 350w, https:\/\/www.foyer-etudiantes-merici.com\/wp-content\/uploads\/compost-et-potager-9-400x267.jpg 400w, https:\/\/www.foyer-etudiantes-merici.com\/wp-content\/uploads\/compost-et-potager-9-600x401.jpg 600w, https:\/\/www.foyer-etudiantes-merici.com\/wp-content\/uploads\/compost-et-potager-9-768x513.jpg 768w, https:\/\/www.foyer-etudiantes-merici.com\/wp-content\/uploads\/compost-et-potager-9-800x535.jpg 800w, https:\/\/www.foyer-etudiantes-merici.com\/wp-content\/uploads\/compost-et-potager-9-1024x684.jpg 1024w, https:\/\/www.foyer-etudiantes-merici.com\/wp-content\/uploads\/compost-et-potager-9.jpg 1200w\" sizes=\"auto, (max-width: 350px) 100vw, 350px\" \/> <img loading=\"lazy\" decoding=\"async\" class=\"alignnone size-medium wp-image-5216\" src=\"https:\/\/www.foyer-etudiantes-merici.com\/wp-content\/uploads\/compost-et-potager-8-350x234.jpg\" alt=\"\" width=\"350\" height=\"234\" srcset=\"https:\/\/www.foyer-etudiantes-merici.com\/wp-content\/uploads\/compost-et-potager-8-200x134.jpg 200w, https:\/\/www.foyer-etudiantes-merici.com\/wp-content\/uploads\/compost-et-potager-8-350x234.jpg 350w, https:\/\/www.foyer-etudiantes-merici.com\/wp-content\/uploads\/compost-et-potager-8-400x267.jpg 400w, https:\/\/www.foyer-etudiantes-merici.com\/wp-content\/uploads\/compost-et-potager-8-600x401.jpg 600w, https:\/\/www.foyer-etudiantes-merici.com\/wp-content\/uploads\/compost-et-potager-8-768x513.jpg 768w, https:\/\/www.foyer-etudiantes-merici.com\/wp-content\/uploads\/compost-et-potager-8-800x535.jpg 800w, https:\/\/www.foyer-etudiantes-merici.com\/wp-content\/uploads\/compost-et-potager-8-1024x684.jpg 1024w, https:\/\/www.foyer-etudiantes-merici.com\/wp-content\/uploads\/compost-et-potager-8.jpg 1200w\" sizes=\"auto, (max-width: 350px) 100vw, 350px\" \/><\/p>\n<p>&nbsp;<\/p>\n<p>&nbsp;<\/p>\n","protected":false},"excerpt":{"rendered":"<p> [&hellip;]<\/p>\n","protected":false},"author":2,"featured_media":5201,"comment_status":"closed","ping_status":"closed","sticky":false,"template":"","format":"standard","meta":{"_seopress_robots_primary_cat":"","_seopress_titles_title":"","_seopress_titles_desc":"","_seopress_robots_index":"","footnotes":""},"categories":[3],"tags":[],"class_list":["post-5195","post","type-post","status-publish","format-standard","has-post-thumbnail","hentry","category-non-classifiee"],"_links":{"self":[{"href":"https:\/\/www.foyer-etudiantes-merici.com\/es\/wp-json\/wp\/v2\/posts\/5195","targetHints":{"allow":["GET"]}}],"collection":[{"href":"https:\/\/www.foyer-etudiantes-merici.com\/es\/wp-json\/wp\/v2\/posts"}],"about":[{"href":"https:\/\/www.foyer-etudiantes-merici.com\/es\/wp-json\/wp\/v2\/types\/post"}],"author":[{"embeddable":true,"href":"https:\/\/www.foyer-etudiantes-merici.com\/es\/wp-json\/wp\/v2\/users\/2"}],"replies":[{"embeddable":true,"href":"https:\/\/www.foyer-etudiantes-merici.com\/es\/wp-json\/wp\/v2\/comments?post=5195"}],"version-history":[{"count":0,"href":"https:\/\/www.foyer-etudiantes-merici.com\/es\/wp-json\/wp\/v2\/posts\/5195\/revisions"}],"wp:featuredmedia":[{"embeddable":true,"href":"https:\/\/www.foyer-etudiantes-merici.com\/es\/wp-json\/wp\/v2\/media\/5201"}],"wp:attachment":[{"href":"https:\/\/www.foyer-etudiantes-merici.com\/es\/wp-json\/wp\/v2\/media?parent=5195"}],"wp:term":[{"taxonomy":"category","embeddable":true,"href":"https:\/\/www.foyer-etudiantes-merici.com\/es\/wp-json\/wp\/v2\/categories?post=5195"},{"taxonomy":"post_tag","embeddable":true,"href":"https:\/\/www.foyer-etudiantes-merici.com\/es\/wp-json\/wp\/v2\/tags?post=5195"}],"curies":[{"name":"wp","href":"https:\/\/api.w.org\/{rel}","templated":true}]}}