{"id":3476,"date":"2018-05-31T20:00:46","date_gmt":"2018-05-31T20:00:46","guid":{"rendered":"https:\/\/www.foyer-etudiantes-merici.com\/?p=3476"},"modified":"2020-04-27T14:18:32","modified_gmt":"2020-04-27T14:18:32","slug":"partenariat-ehpad","status":"publish","type":"post","link":"https:\/\/www.foyer-etudiantes-merici.com\/es\/2018\/05\/partenariat-ehpad\/","title":{"rendered":"Partenariat avec un EHPAD de la rue Mirabeau"},"content":{"rendered":"<p>Depuis septembre 2017, un partenariat avec une maison de retraite, situ\u00e9e \u00e0 une cinquantaine de m\u00e8tres du Foyer Merici, favorise les liens entre \u00e9tudiantes et s\u00e9niors.<\/p>\n<p>Plusieurs jeunes du foyer ont ainsi choisi de rendre r\u00e9guli\u00e8rement visite \u00e0 des personnes \u00e2g\u00e9es pendant l&#8217;ann\u00e9e universitaire.<\/p>\n\n\t\t<style type=\"text\/css\">\n\t\t\t#gallery-1 {\n\t\t\t\tmargin: auto;\n\t\t\t}\n\t\t\t#gallery-1 .gallery-item {\n\t\t\t\tfloat: left;\n\t\t\t\tmargin-top: 10px;\n\t\t\t\ttext-align: center;\n\t\t\t\twidth: 33%;\n\t\t\t}\n\t\t\t#gallery-1 img {\n\t\t\t\tborder: 2px solid #cfcfcf;\n\t\t\t}\n\t\t\t#gallery-1 .gallery-caption {\n\t\t\t\tmargin-left: 0;\n\t\t\t}\n\t\t\t\/* see gallery_shortcode() in wp-includes\/media.php *\/\n\t\t<\/style>\n\t\t<div id='gallery-1' class='gallery galleryid-3476 gallery-columns-3 gallery-size-thumbnail'><dl class='gallery-item'>\n\t\t\t<dt class='gallery-icon landscape'>\n\t\t\t\t<a data-rel=\"iLightbox[postimages]\" data-title=\"31 mai (1)\" data-caption=\"\" href='https:\/\/www.foyer-etudiantes-merici.com\/wp-content\/uploads\/31-mai-1.jpg'><img loading=\"lazy\" decoding=\"async\" width=\"150\" height=\"150\" src=\"https:\/\/www.foyer-etudiantes-merici.com\/wp-content\/uploads\/31-mai-1-150x150.jpg\" class=\"attachment-thumbnail size-thumbnail\" alt=\"\" srcset=\"https:\/\/www.foyer-etudiantes-merici.com\/wp-content\/uploads\/31-mai-1-66x66.jpg 66w, https:\/\/www.foyer-etudiantes-merici.com\/wp-content\/uploads\/31-mai-1-150x150.jpg 150w\" sizes=\"auto, (max-width: 150px) 100vw, 150px\" \/><\/a>\n\t\t\t<\/dt><\/dl><dl class='gallery-item'>\n\t\t\t<dt class='gallery-icon landscape'>\n\t\t\t\t<a data-rel=\"iLightbox[postimages]\" data-title=\"31 mai (2)\" data-caption=\"\" href='https:\/\/www.foyer-etudiantes-merici.com\/wp-content\/uploads\/31-mai-2.jpg'><img loading=\"lazy\" decoding=\"async\" width=\"150\" height=\"150\" src=\"https:\/\/www.foyer-etudiantes-merici.com\/wp-content\/uploads\/31-mai-2-150x150.jpg\" class=\"attachment-thumbnail size-thumbnail\" alt=\"\" srcset=\"https:\/\/www.foyer-etudiantes-merici.com\/wp-content\/uploads\/31-mai-2-66x66.jpg 66w, https:\/\/www.foyer-etudiantes-merici.com\/wp-content\/uploads\/31-mai-2-150x150.jpg 150w\" sizes=\"auto, (max-width: 150px) 100vw, 150px\" \/><\/a>\n\t\t\t<\/dt><\/dl><dl class='gallery-item'>\n\t\t\t<dt class='gallery-icon landscape'>\n\t\t\t\t<a data-rel=\"iLightbox[postimages]\" data-title=\"31 mai (3)\" data-caption=\"\" href='https:\/\/www.foyer-etudiantes-merici.com\/wp-content\/uploads\/31-mai-3.jpg'><img loading=\"lazy\" decoding=\"async\" width=\"150\" height=\"150\" src=\"https:\/\/www.foyer-etudiantes-merici.com\/wp-content\/uploads\/31-mai-3-150x150.jpg\" class=\"attachment-thumbnail size-thumbnail\" alt=\"\" srcset=\"https:\/\/www.foyer-etudiantes-merici.com\/wp-content\/uploads\/31-mai-3-66x66.jpg 66w, https:\/\/www.foyer-etudiantes-merici.com\/wp-content\/uploads\/31-mai-3-150x150.jpg 150w\" sizes=\"auto, (max-width: 150px) 100vw, 150px\" \/><\/a>\n\t\t\t<\/dt><\/dl><br style=\"clear: both\" \/><dl class='gallery-item'>\n\t\t\t<dt class='gallery-icon landscape'>\n\t\t\t\t<a data-rel=\"iLightbox[postimages]\" data-title=\"31 mai (5)\" data-caption=\"\" href='https:\/\/www.foyer-etudiantes-merici.com\/wp-content\/uploads\/31-mai-5.jpg'><img loading=\"lazy\" decoding=\"async\" width=\"150\" height=\"150\" src=\"https:\/\/www.foyer-etudiantes-merici.com\/wp-content\/uploads\/31-mai-5-150x150.jpg\" class=\"attachment-thumbnail size-thumbnail\" alt=\"\" srcset=\"https:\/\/www.foyer-etudiantes-merici.com\/wp-content\/uploads\/31-mai-5-66x66.jpg 66w, https:\/\/www.foyer-etudiantes-merici.com\/wp-content\/uploads\/31-mai-5-150x150.jpg 150w\" sizes=\"auto, (max-width: 150px) 100vw, 150px\" \/><\/a>\n\t\t\t<\/dt><\/dl><dl class='gallery-item'>\n\t\t\t<dt class='gallery-icon portrait'>\n\t\t\t\t<a data-rel=\"iLightbox[postimages]\" data-title=\"31 mai\" data-caption=\"\" href='https:\/\/www.foyer-etudiantes-merici.com\/wp-content\/uploads\/31-mai-4.jpg'><img loading=\"lazy\" decoding=\"async\" width=\"150\" height=\"150\" src=\"https:\/\/www.foyer-etudiantes-merici.com\/wp-content\/uploads\/31-mai-4-150x150.jpg\" class=\"attachment-thumbnail size-thumbnail\" alt=\"\" srcset=\"https:\/\/www.foyer-etudiantes-merici.com\/wp-content\/uploads\/31-mai-4-66x66.jpg 66w, https:\/\/www.foyer-etudiantes-merici.com\/wp-content\/uploads\/31-mai-4-150x150.jpg 150w\" sizes=\"auto, (max-width: 150px) 100vw, 150px\" \/><\/a>\n\t\t\t<\/dt><\/dl><dl class='gallery-item'>\n\t\t\t<dt class='gallery-icon landscape'>\n\t\t\t\t<a data-rel=\"iLightbox[postimages]\" data-title=\"31 mai (6)\" data-caption=\"\" href='https:\/\/www.foyer-etudiantes-merici.com\/wp-content\/uploads\/31-mai-6.jpg'><img loading=\"lazy\" decoding=\"async\" width=\"150\" height=\"150\" src=\"https:\/\/www.foyer-etudiantes-merici.com\/wp-content\/uploads\/31-mai-6-150x150.jpg\" class=\"attachment-thumbnail size-thumbnail\" alt=\"\" srcset=\"https:\/\/www.foyer-etudiantes-merici.com\/wp-content\/uploads\/31-mai-6-66x66.jpg 66w, https:\/\/www.foyer-etudiantes-merici.com\/wp-content\/uploads\/31-mai-6-150x150.jpg 150w\" sizes=\"auto, (max-width: 150px) 100vw, 150px\" \/><\/a>\n\t\t\t<\/dt><\/dl><br style=\"clear: both\" \/>\n\t\t<\/div>\n\n<p>Ce jeudi 31 mai apr\u00e8s-midi, ce sont les r\u00e9sidents de l&#8217;EHPAD eux-m\u00eames qui ont fait le d\u00e9placement. Nous avons eu la joie d&#8217;accueillir cinq personnes de la maison de retraite, accompagn\u00e9es de leur animateur.<\/p>\n<p>Au programme : pr\u00e9sentation mutuelle, pr\u00e9sentation du foyer, \u00e9changes, go\u00fbter et balade dans le jardin.<\/p>\n<p>Un moment tr\u00e8s convivial appr\u00e9ci\u00e9 par tous !<\/p>\n<p>&nbsp;<\/p>\n","protected":false},"excerpt":{"rendered":"<p> [&hellip;]<\/p>\n","protected":false},"author":2,"featured_media":3479,"comment_status":"closed","ping_status":"closed","sticky":false,"template":"","format":"standard","meta":{"_seopress_robots_primary_cat":"","_seopress_titles_title":"","_seopress_titles_desc":"","_seopress_robots_index":"","footnotes":""},"categories":[3],"tags":[],"class_list":["post-3476","post","type-post","status-publish","format-standard","has-post-thumbnail","hentry","category-non-classifiee"],"_links":{"self":[{"href":"https:\/\/www.foyer-etudiantes-merici.com\/es\/wp-json\/wp\/v2\/posts\/3476","targetHints":{"allow":["GET"]}}],"collection":[{"href":"https:\/\/www.foyer-etudiantes-merici.com\/es\/wp-json\/wp\/v2\/posts"}],"about":[{"href":"https:\/\/www.foyer-etudiantes-merici.com\/es\/wp-json\/wp\/v2\/types\/post"}],"author":[{"embeddable":true,"href":"https:\/\/www.foyer-etudiantes-merici.com\/es\/wp-json\/wp\/v2\/users\/2"}],"replies":[{"embeddable":true,"href":"https:\/\/www.foyer-etudiantes-merici.com\/es\/wp-json\/wp\/v2\/comments?post=3476"}],"version-history":[{"count":0,"href":"https:\/\/www.foyer-etudiantes-merici.com\/es\/wp-json\/wp\/v2\/posts\/3476\/revisions"}],"wp:featuredmedia":[{"embeddable":true,"href":"https:\/\/www.foyer-etudiantes-merici.com\/es\/wp-json\/wp\/v2\/media\/3479"}],"wp:attachment":[{"href":"https:\/\/www.foyer-etudiantes-merici.com\/es\/wp-json\/wp\/v2\/media?parent=3476"}],"wp:term":[{"taxonomy":"category","embeddable":true,"href":"https:\/\/www.foyer-etudiantes-merici.com\/es\/wp-json\/wp\/v2\/categories?post=3476"},{"taxonomy":"post_tag","embeddable":true,"href":"https:\/\/www.foyer-etudiantes-merici.com\/es\/wp-json\/wp\/v2\/tags?post=3476"}],"curies":[{"name":"wp","href":"https:\/\/api.w.org\/{rel}","templated":true}]}}